{"id":3024,"date":"2023-10-10T16:55:49","date_gmt":"2023-10-10T14:55:49","guid":{"rendered":"https:\/\/coopbionacre.fr\/?p=3024"},"modified":"2023-11-30T23:37:41","modified_gmt":"2023-11-30T22:37:41","slug":"comment-reussir-son-potager-dhiver","status":"publish","type":"post","link":"https:\/\/coopbionacre.fr\/index.php\/2023\/10\/10\/comment-reussir-son-potager-dhiver\/","title":{"rendered":"Comment r\u00e9ussir son potager d&rsquo;hiver ?"},"content":{"rendered":"\n<figure class=\"wp-block-image size-large\"><img loading=\"lazy\" decoding=\"async\" width=\"1024\" height=\"576\" src=\"https:\/\/coopbionacre.fr\/wp-content\/uploads\/2023\/11\/bonsd-plans-elise-14-oct-23-escale-1024x576.jpg\" alt=\"\" class=\"wp-image-3026\" srcset=\"https:\/\/coopbionacre.fr\/wp-content\/uploads\/2023\/11\/bonsd-plans-elise-14-oct-23-escale-1024x576.jpg 1024w, https:\/\/coopbionacre.fr\/wp-content\/uploads\/2023\/11\/bonsd-plans-elise-14-oct-23-escale-300x169.jpg 300w, https:\/\/coopbionacre.fr\/wp-content\/uploads\/2023\/11\/bonsd-plans-elise-14-oct-23-escale-768x432.jpg 768w, https:\/\/coopbionacre.fr\/wp-content\/uploads\/2023\/11\/bonsd-plans-elise-14-oct-23-escale-1536x864.jpg 1536w, https:\/\/coopbionacre.fr\/wp-content\/uploads\/2023\/11\/bonsd-plans-elise-14-oct-23-escale-1320x742.jpg 1320w, https:\/\/coopbionacre.fr\/wp-content\/uploads\/2023\/11\/bonsd-plans-elise-14-oct-23-escale.jpg 1707w\" sizes=\"auto, (max-width: 1024px) 100vw, 1024px\" \/><\/figure>\n\n\n\n<p>samedi 14 octobre 2023 de 16h00 \u00e0 17h00<br>Envie d&rsquo;am\u00e9liorer votre potager? Venez assister \u00e0 la Conf\u00e9rence et \u00e0 l&rsquo;atelier d\u2019\u00c9lise qui vous parlera du potager d&rsquo;hiver. Des plants de salades, chicor\u00e9e et d&rsquo;\u00e9pinards seront disponibles \u00e0 la vente. (0, 25 cts\/Motte)<\/p>\n","protected":false},"excerpt":{"rendered":"<p>samedi 14 octobre 2023 de 16h00 \u00e0 17h00Envie d&rsquo;am\u00e9liorer votre potager? Venez assister \u00e0 la Conf\u00e9rence et \u00e0 l&rsquo;atelier d\u2019\u00c9lise qui vous parlera du potager d&rsquo;hiver. Des plants de salades, chicor\u00e9e et d&rsquo;\u00e9pinards seront disponibles \u00e0 la vente. (0, 25 cts\/Motte)<\/p>\n","protected":false},"author":1,"featured_media":0,"comment_status":"closed","ping_status":"closed","sticky":false,"template":"","format":"standard","meta":{"_uag_custom_page_level_css":"","footnotes":""},"categories":[8,4],"tags":[],"class_list":["post-3024","post","type-post","status-publish","format-standard","hentry","category-lescale","category-nouveautes"],"uagb_featured_image_src":{"full":false,"thumbnail":false,"medium":false,"medium_large":false,"large":false,"1536x1536":false,"2048x2048":false,"mailpoet_newsletter_max":false},"uagb_author_info":{"display_name":"admin1042","author_link":"https:\/\/coopbionacre.fr\/index.php\/author\/admin1042\/"},"uagb_comment_info":0,"uagb_excerpt":"samedi 14 octobre 2023 de 16h00 \u00e0 17h00Envie d&rsquo;am\u00e9liorer votre potager? Venez assister \u00e0 la Conf\u00e9rence et \u00e0 l&rsquo;atelier d\u2019\u00c9lise qui vous parlera du potager d&rsquo;hiver. Des plants de salades, chicor\u00e9e et d&rsquo;\u00e9pinards seront disponibles \u00e0 la vente. (0, 25 cts\/Motte)","_links":{"self":[{"href":"https:\/\/coopbionacre.fr\/index.php\/wp-json\/wp\/v2\/posts\/3024","targetHints":{"allow":["GET"]}}],"collection":[{"href":"https:\/\/coopbionacre.fr\/index.php\/wp-json\/wp\/v2\/posts"}],"about":[{"href":"https:\/\/coopbionacre.fr\/index.php\/wp-json\/wp\/v2\/types\/post"}],"author":[{"embeddable":true,"href":"https:\/\/coopbionacre.fr\/index.php\/wp-json\/wp\/v2\/users\/1"}],"replies":[{"embeddable":true,"href":"https:\/\/coopbionacre.fr\/index.php\/wp-json\/wp\/v2\/comments?post=3024"}],"version-history":[{"count":0,"href":"https:\/\/coopbionacre.fr\/index.php\/wp-json\/wp\/v2\/posts\/3024\/revisions"}],"wp:attachment":[{"href":"https:\/\/coopbionacre.fr\/index.php\/wp-json\/wp\/v2\/media?parent=3024"}],"wp:term":[{"taxonomy":"category","embeddable":true,"href":"https:\/\/coopbionacre.fr\/index.php\/wp-json\/wp\/v2\/categories?post=3024"},{"taxonomy":"post_tag","embeddable":true,"href":"https:\/\/coopbionacre.fr\/index.php\/wp-json\/wp\/v2\/tags?post=3024"}],"curies":[{"name":"wp","href":"https:\/\/api.w.org\/{rel}","templated":true}]}}