{"id":3685,"date":"2023-12-22T11:15:29","date_gmt":"2023-12-22T10:15:29","guid":{"rendered":"https:\/\/coopbionacre.fr\/?p=3685"},"modified":"2024-11-27T11:46:11","modified_gmt":"2024-11-27T10:46:11","slug":"temoignage","status":"publish","type":"post","link":"https:\/\/coopbionacre.fr\/index.php\/2023\/12\/22\/temoignage\/","title":{"rendered":"T\u00e9moignage"},"content":{"rendered":"\n<p><strong>\u00ab\u00a0Nous avons tout quitt\u00e9 pour devenir mara\u00eecher en bio\u00a0\u00bb<\/strong><\/p>\n\n\n\n<p>Documentaire et article <a href=\"https:\/\/france3-regions.francetvinfo.fr\/normandie\/eure\/temoignage-nous-avons-tout-quitte-pour-devenir-maraicher-en-bio-2870177.html\" target=\"_blank\" rel=\"noreferrer noopener\"> France 3 Normandie \u00e0 voir ici<\/a><\/p>\n\n\n\n<figure class=\"wp-block-image size-medium is-resized\"><img loading=\"lazy\" decoding=\"async\" width=\"300\" height=\"183\" src=\"https:\/\/coopbionacre.fr\/wp-content\/uploads\/2023\/12\/maraichers-bio-300x183.jpg\" alt=\"\" class=\"wp-image-3686\" style=\"width:500px;height:auto\" srcset=\"https:\/\/coopbionacre.fr\/wp-content\/uploads\/2023\/12\/maraichers-bio-300x183.jpg 300w, https:\/\/coopbionacre.fr\/wp-content\/uploads\/2023\/12\/maraichers-bio.jpg 600w\" sizes=\"auto, (max-width: 300px) 100vw, 300px\" \/><\/figure>\n\n\n\n<p>Rencontre avec Micka\u00ebl et Flora R\u00e9vy \u00e0 Gaillon (Eure). Ce couple a d\u00e9cid\u00e9 de changer radicalement de vie en 2020 pour devenir mara\u00eecher bio.<\/p>\n","protected":false},"excerpt":{"rendered":"<p>\u00ab\u00a0Nous avons tout quitt\u00e9 pour devenir mara\u00eecher en bio\u00a0\u00bb Documentaire et article France 3 Normandie \u00e0 voir ici Rencontre avec Micka\u00ebl et Flora R\u00e9vy \u00e0 Gaillon (Eure). Ce couple a d\u00e9cid\u00e9 de changer radicalement de vie en 2020 pour devenir mara\u00eecher bio.<\/p>\n","protected":false},"author":1,"featured_media":0,"comment_status":"closed","ping_status":"closed","sticky":false,"template":"","format":"standard","meta":{"_uag_custom_page_level_css":"","footnotes":""},"categories":[23],"tags":[],"class_list":["post-3685","post","type-post","status-publish","format-standard","hentry","category-monde-du-bio"],"uagb_featured_image_src":{"full":false,"thumbnail":false,"medium":false,"medium_large":false,"large":false,"1536x1536":false,"2048x2048":false,"mailpoet_newsletter_max":false},"uagb_author_info":{"display_name":"admin1042","author_link":"https:\/\/coopbionacre.fr\/index.php\/author\/admin1042\/"},"uagb_comment_info":0,"uagb_excerpt":"\u00ab\u00a0Nous avons tout quitt\u00e9 pour devenir mara\u00eecher en bio\u00a0\u00bb Documentaire et article France 3 Normandie \u00e0 voir ici Rencontre avec Micka\u00ebl et Flora R\u00e9vy \u00e0 Gaillon (Eure). Ce couple a d\u00e9cid\u00e9 de changer radicalement de vie en 2020 pour devenir mara\u00eecher bio.","_links":{"self":[{"href":"https:\/\/coopbionacre.fr\/index.php\/wp-json\/wp\/v2\/posts\/3685","targetHints":{"allow":["GET"]}}],"collection":[{"href":"https:\/\/coopbionacre.fr\/index.php\/wp-json\/wp\/v2\/posts"}],"about":[{"href":"https:\/\/coopbionacre.fr\/index.php\/wp-json\/wp\/v2\/types\/post"}],"author":[{"embeddable":true,"href":"https:\/\/coopbionacre.fr\/index.php\/wp-json\/wp\/v2\/users\/1"}],"replies":[{"embeddable":true,"href":"https:\/\/coopbionacre.fr\/index.php\/wp-json\/wp\/v2\/comments?post=3685"}],"version-history":[{"count":0,"href":"https:\/\/coopbionacre.fr\/index.php\/wp-json\/wp\/v2\/posts\/3685\/revisions"}],"wp:attachment":[{"href":"https:\/\/coopbionacre.fr\/index.php\/wp-json\/wp\/v2\/media?parent=3685"}],"wp:term":[{"taxonomy":"category","embeddable":true,"href":"https:\/\/coopbionacre.fr\/index.php\/wp-json\/wp\/v2\/categories?post=3685"},{"taxonomy":"post_tag","embeddable":true,"href":"https:\/\/coopbionacre.fr\/index.php\/wp-json\/wp\/v2\/tags?post=3685"}],"curies":[{"name":"wp","href":"https:\/\/api.w.org\/{rel}","templated":true}]}}