{"id":4105,"date":"2024-03-20T11:16:40","date_gmt":"2024-03-20T10:16:40","guid":{"rendered":"https:\/\/coopbionacre.fr\/?p=4105"},"modified":"2024-03-20T11:16:40","modified_gmt":"2024-03-20T10:16:40","slug":"23-mars-manifestation-a-caen","status":"publish","type":"post","link":"https:\/\/coopbionacre.fr\/index.php\/2024\/03\/20\/23-mars-manifestation-a-caen\/","title":{"rendered":"23 mars\u00a0: manifestation \u00e0 Caen"},"content":{"rendered":"\n<figure class=\"wp-block-image size-full is-resized\"><img loading=\"lazy\" decoding=\"async\" width=\"561\" height=\"789\" src=\"https:\/\/coopbionacre.fr\/wp-content\/uploads\/2024\/03\/affiche-flamanville.jpg\" alt=\"\" class=\"wp-image-4106\" style=\"width:461px;height:auto\" srcset=\"https:\/\/coopbionacre.fr\/wp-content\/uploads\/2024\/03\/affiche-flamanville.jpg 561w, https:\/\/coopbionacre.fr\/wp-content\/uploads\/2024\/03\/affiche-flamanville-213x300.jpg 213w\" sizes=\"auto, (max-width: 561px) 100vw, 561px\" \/><\/figure>\n\n\n\n<p><strong>RV<\/strong> pour la manifestation : <strong>\u00e0 partir de 14h00, devant l\u2019ASN<\/strong>, <br>1 rue du Recteur Daure vers la Pr\u00e9fecture, rue Daniel Huet (14000<strong><em>).\u00a0<\/em><\/strong><\/p>\n\n\n\n<h2 class=\"wp-block-heading has-small-font-size\">Programme<\/h2>\n\n\n\n<ul class=\"wp-block-list\">\n<li class=\"has-small-font-size\">12h30&nbsp;:&nbsp;Possibilit\u00e9 de pique-niquer aux abords de l\u2019ASN. (Pr\u00e9voir de quoi manger \u00e0 l\u2019avance) ;<\/li>\n\n\n\n<li class=\"has-small-font-size\">14h :&nbsp;D\u00e9part de la manifestation au 1 rue Recteur Daure, aux abords de l\u2019ASN ;<\/li>\n\n\n\n<li class=\"has-small-font-size\">17h :\u00a0Concert des D\u00e9panneurs (Musique Trad), place du Th\u00e9\u00e2tre.<\/li>\n<\/ul>\n\n\n\n<p><em>Un \u00e9v\u00e9nement \u00e0 l\u2019initiative de la\u00a0Coordination Antinucl\u00e9aire Nord-Ouest.<\/em><br>en savoir plus sur la manifestation : <a href=\"https:\/\/www.facebook.com\/events\/422614160108401\/?acontext=%7B%22ref%22%3A%2252%22%2C%22action_history%22%3A%22[%7B%5C%22surface%5C%22%3A%5C%22share_link%5C%22%2C%5C%22mechanism%5C%22%3A%5C%22share_link%5C%22%2C%5C%22extra_data%5C%22%3A%7B%5C%22invite_link_id%5C%22%3A709982677677622%7D%7D]%22%7D\" target=\"_blank\" rel=\"noreferrer noopener\">page Facebook<\/a><br>en savoir plus sur les enjeux : <a href=\"https:\/\/www.sortirdunucleaire.org\/MANIFESTATION-A-CAEN-Non-au-demarrage-du-reacteur\" target=\"_blank\" rel=\"noreferrer noopener\">R\u00e9seau sortir du nucl\u00e9aire<\/a><\/p>\n","protected":false},"excerpt":{"rendered":"<p>RV pour la manifestation : \u00e0 partir de 14h00, devant l\u2019ASN, 1 rue du Recteur Daure vers la Pr\u00e9fecture, rue Daniel Huet (14000).\u00a0 Programme Un \u00e9v\u00e9nement \u00e0 l\u2019initiative de la\u00a0Coordination Antinucl\u00e9aire Nord-Ouest.en savoir plus sur la manifestation : page Facebooken savoir plus sur les enjeux : R\u00e9seau sortir du nucl\u00e9aire<\/p>\n","protected":false},"author":1,"featured_media":0,"comment_status":"closed","ping_status":"","sticky":false,"template":"","format":"standard","meta":{"_uag_custom_page_level_css":"","footnotes":""},"categories":[7],"tags":[],"class_list":["post-4105","post","type-post","status-publish","format-standard","hentry","category-actu-associations-amies"],"uagb_featured_image_src":{"full":false,"thumbnail":false,"medium":false,"medium_large":false,"large":false,"1536x1536":false,"2048x2048":false,"mailpoet_newsletter_max":false},"uagb_author_info":{"display_name":"admin1042","author_link":"https:\/\/coopbionacre.fr\/index.php\/author\/admin1042\/"},"uagb_comment_info":0,"uagb_excerpt":"RV pour la manifestation : \u00e0 partir de 14h00, devant l\u2019ASN, 1 rue du Recteur Daure vers la Pr\u00e9fecture, rue Daniel Huet (14000).\u00a0 Programme Un \u00e9v\u00e9nement \u00e0 l\u2019initiative de la\u00a0Coordination Antinucl\u00e9aire Nord-Ouest.en savoir plus sur la manifestation : page Facebooken savoir plus sur les enjeux : R\u00e9seau sortir du nucl\u00e9aire","_links":{"self":[{"href":"https:\/\/coopbionacre.fr\/index.php\/wp-json\/wp\/v2\/posts\/4105","targetHints":{"allow":["GET"]}}],"collection":[{"href":"https:\/\/coopbionacre.fr\/index.php\/wp-json\/wp\/v2\/posts"}],"about":[{"href":"https:\/\/coopbionacre.fr\/index.php\/wp-json\/wp\/v2\/types\/post"}],"author":[{"embeddable":true,"href":"https:\/\/coopbionacre.fr\/index.php\/wp-json\/wp\/v2\/users\/1"}],"replies":[{"embeddable":true,"href":"https:\/\/coopbionacre.fr\/index.php\/wp-json\/wp\/v2\/comments?post=4105"}],"version-history":[{"count":0,"href":"https:\/\/coopbionacre.fr\/index.php\/wp-json\/wp\/v2\/posts\/4105\/revisions"}],"wp:attachment":[{"href":"https:\/\/coopbionacre.fr\/index.php\/wp-json\/wp\/v2\/media?parent=4105"}],"wp:term":[{"taxonomy":"category","embeddable":true,"href":"https:\/\/coopbionacre.fr\/index.php\/wp-json\/wp\/v2\/categories?post=4105"},{"taxonomy":"post_tag","embeddable":true,"href":"https:\/\/coopbionacre.fr\/index.php\/wp-json\/wp\/v2\/tags?post=4105"}],"curies":[{"name":"wp","href":"https:\/\/api.w.org\/{rel}","templated":true}]}}