{"id":4141,"date":"2024-04-11T18:26:59","date_gmt":"2024-04-11T16:26:59","guid":{"rendered":"https:\/\/coopbionacre.fr\/?p=4141"},"modified":"2024-04-11T18:27:36","modified_gmt":"2024-04-11T16:27:36","slug":"reouverture-de-lescale","status":"publish","type":"post","link":"https:\/\/coopbionacre.fr\/index.php\/2024\/04\/11\/reouverture-de-lescale\/","title":{"rendered":"R\u00e9ouverture de \u00ab\u00a0l&rsquo;Escale\u00a0\u00bb (mis \u00e0 jour)"},"content":{"rendered":"\n<figure class=\"wp-block-image size-full\"><img loading=\"lazy\" decoding=\"async\" width=\"373\" height=\"99\" src=\"https:\/\/coopbionacre.fr\/wp-content\/uploads\/2023\/12\/logo-escale-e1701421593764.png\" alt=\"\" class=\"wp-image-3345\" srcset=\"https:\/\/coopbionacre.fr\/wp-content\/uploads\/2023\/12\/logo-escale-e1701421593764.png 373w, https:\/\/coopbionacre.fr\/wp-content\/uploads\/2023\/12\/logo-escale-e1701421593764-300x80.png 300w\" sizes=\"auto, (max-width: 373px) 100vw, 373px\" \/><\/figure>\n\n\n\n<p>Programme \u00e0 venir :<\/p>\n\n\n\n<div class=\"wp-block-uagb-container uagb-block-8f681281 default uagb-is-root-container\">\n<ul class=\"wp-block-list\">\n<li>samedi 13 avril : <strong>atelier produits m\u00e9nagers<\/strong>, par Isabelle L. et \u00e9change de graines<\/li>\n\n\n\n<li>samedi 27 avril de 11h \u00e0 12h30 : <strong>atelier produits lacto-ferment\u00e9s<\/strong>, par Sabine M. et Ghislaine C<\/li>\n\n\n\n<li>mercredis 15, 22 et 29 mai de 14h \u00e0 15h : <strong>atelier philo <\/strong>pour les enfants, par Sabine C.<\/li>\n\n\n\n<li>mai : atelier \u00ab <strong>Les bons plants d\u2019\u00c9lise<\/strong> \u00bb <em>(en attente de date)<\/em><\/li>\n\n\n\n<li>samedi 4 mai : <strong>f\u00eate de printemps <\/strong>\u00e0 Saint Aubin (stand de la coop) de 10h \u00e0 18h<\/li>\n\n\n\n<li>mardi 14 Mai \u00e0 partir de 15h : \u00ab Les bons plants d\u2019Elise \u00bb<\/li>\n\n\n\n<li>samedi 18 mai : pr\u00e9sentation <strong>Terre de liens<\/strong>, par Anne-Marie P. plants (\u00e0 confirmer)<\/li>\n\n\n\n<li>samedi 25 et dimanche 26 mai : <strong>Jardifoliz <\/strong>\u00e0 Courseulles (stand de la coop)<\/li>\n\n\n\n<li>samedi 1er juin de 11h \u00e0 12h30 : initiation entretien d\u2019un v\u00e9lo par Luc<\/li>\n\n\n\n<li>samedi 15 juin de 12h30 \u00e0 17h : <strong>F\u00eate des coop\u00e9rateurs<\/strong> : barbecue et musique<\/li>\n\n\n\n<li>samedi 29 juin de 14h30 \u00e0 16h : autour de <strong>l\u2019intelligence artificielle<\/strong>, par Julien<\/li>\n\n\n\n<li>jeudi 11 juillet de 17h \u00e0 19h: <strong>atelier \u0153nologie<\/strong>\/d\u00e9gustation vins <\/li>\n<\/ul>\n<\/div>\n","protected":false},"excerpt":{"rendered":"<p>Programme \u00e0 venir :<\/p>\n","protected":false},"author":1,"featured_media":0,"comment_status":"closed","ping_status":"closed","sticky":false,"template":"","format":"standard","meta":{"_uag_custom_page_level_css":"","footnotes":""},"categories":[8,5],"tags":[],"class_list":["post-4141","post","type-post","status-publish","format-standard","hentry","category-lescale","category-vie-coop"],"uagb_featured_image_src":{"full":false,"thumbnail":false,"medium":false,"medium_large":false,"large":false,"1536x1536":false,"2048x2048":false,"mailpoet_newsletter_max":false},"uagb_author_info":{"display_name":"admin1042","author_link":"https:\/\/coopbionacre.fr\/index.php\/author\/admin1042\/"},"uagb_comment_info":0,"uagb_excerpt":"Programme \u00e0 venir :","_links":{"self":[{"href":"https:\/\/coopbionacre.fr\/index.php\/wp-json\/wp\/v2\/posts\/4141","targetHints":{"allow":["GET"]}}],"collection":[{"href":"https:\/\/coopbionacre.fr\/index.php\/wp-json\/wp\/v2\/posts"}],"about":[{"href":"https:\/\/coopbionacre.fr\/index.php\/wp-json\/wp\/v2\/types\/post"}],"author":[{"embeddable":true,"href":"https:\/\/coopbionacre.fr\/index.php\/wp-json\/wp\/v2\/users\/1"}],"replies":[{"embeddable":true,"href":"https:\/\/coopbionacre.fr\/index.php\/wp-json\/wp\/v2\/comments?post=4141"}],"version-history":[{"count":0,"href":"https:\/\/coopbionacre.fr\/index.php\/wp-json\/wp\/v2\/posts\/4141\/revisions"}],"wp:attachment":[{"href":"https:\/\/coopbionacre.fr\/index.php\/wp-json\/wp\/v2\/media?parent=4141"}],"wp:term":[{"taxonomy":"category","embeddable":true,"href":"https:\/\/coopbionacre.fr\/index.php\/wp-json\/wp\/v2\/categories?post=4141"},{"taxonomy":"post_tag","embeddable":true,"href":"https:\/\/coopbionacre.fr\/index.php\/wp-json\/wp\/v2\/tags?post=4141"}],"curies":[{"name":"wp","href":"https:\/\/api.w.org\/{rel}","templated":true}]}}