{"id":4173,"date":"2024-04-04T12:25:47","date_gmt":"2024-04-04T10:25:47","guid":{"rendered":"https:\/\/coopbionacre.fr\/?p=4173"},"modified":"2024-11-27T11:40:44","modified_gmt":"2024-11-27T10:40:44","slug":"victimes-des-pesticides","status":"publish","type":"post","link":"https:\/\/coopbionacre.fr\/index.php\/2024\/04\/04\/victimes-des-pesticides\/","title":{"rendered":"Victimes des pesticides"},"content":{"rendered":"\n<h1 class=\"wp-block-heading has-medium-font-size\">Une action collective en justice lanc\u00e9e pour indemniser les riverains. <br><strong>Cette action a pour objectif de \u00ab\u00a0demander r\u00e9paration \u00e0 l&rsquo;\u00c9tat pour les victimes non professionnelles des pesticides\u00a0\u00bb, r\u00e9v\u00e8le lundi France Inter.<\/strong><\/h1>\n\n\n\n<figure class=\"wp-block-image size-full\"><img loading=\"lazy\" decoding=\"async\" width=\"744\" height=\"395\" src=\"https:\/\/coopbionacre.fr\/wp-content\/uploads\/2024\/04\/pesticides-epandage.jpg\" alt=\"\" class=\"wp-image-4174\" srcset=\"https:\/\/coopbionacre.fr\/wp-content\/uploads\/2024\/04\/pesticides-epandage.jpg 744w, https:\/\/coopbionacre.fr\/wp-content\/uploads\/2024\/04\/pesticides-epandage-300x159.jpg 300w\" sizes=\"auto, (max-width: 744px) 100vw, 744px\" \/><\/figure>\n\n\n\n<p>Une action collective en justice a \u00e9t\u00e9 lanc\u00e9e d\u00e9but mars pour r\u00e9clamer des indemnisations pour les <em>\u00ab\u00a0riverains victimes des pesticides\u00a0\u00bb<\/em>, sur le m\u00eame mod\u00e8le que le fonds cr\u00e9\u00e9 en 2020 pour les agriculteurs.<br>Lanc\u00e9e par le cabinet de l&rsquo;avocate et ancienne ministre de l&rsquo;Environnement Corinne Lepage, cette action a pour objectif de <em>\u00ab\u00a0demander r\u00e9paration \u00e0 l&rsquo;\u00c9tat pour les victimes non professionnelles des pesticides, en exer\u00e7ant un recours indemnitaire, fond\u00e9 sur la carence de l&rsquo;\u00c9tat dans la fixation de distances limites permettant de prot\u00e9ger la population\u00a0\u00bb<\/em>, peut-on lire sur le site du cabinet.<br><a href=\"https:\/\/www.francetvinfo.fr\/monde\/environnement\/pesticides\/victimes-des-pesticides-une-action-collective-en-justice-lancee-pour-indemniser-les-riverains_6460934.html#xtor=RSS-3-[general]\">Lire la suite sur le site de France Info.<\/a><\/p>\n","protected":false},"excerpt":{"rendered":"<p>Une action collective en justice lanc\u00e9e pour indemniser les riverains. Cette action a pour objectif de \u00ab\u00a0demander r\u00e9paration \u00e0 l&rsquo;\u00c9tat pour les victimes non professionnelles des pesticides\u00a0\u00bb, r\u00e9v\u00e8le lundi France Inter. Une action collective en justice a \u00e9t\u00e9 lanc\u00e9e d\u00e9but mars pour r\u00e9clamer des indemnisations pour les \u00ab\u00a0riverains victimes des pesticides\u00a0\u00bb, sur le m\u00eame mod\u00e8le [&hellip;]<\/p>\n","protected":false},"author":1,"featured_media":0,"comment_status":"closed","ping_status":"closed","sticky":false,"template":"","format":"standard","meta":{"_uag_custom_page_level_css":"","footnotes":""},"categories":[23],"tags":[],"class_list":["post-4173","post","type-post","status-publish","format-standard","hentry","category-monde-du-bio"],"uagb_featured_image_src":{"full":false,"thumbnail":false,"medium":false,"medium_large":false,"large":false,"1536x1536":false,"2048x2048":false,"mailpoet_newsletter_max":false},"uagb_author_info":{"display_name":"admin1042","author_link":"https:\/\/coopbionacre.fr\/index.php\/author\/admin1042\/"},"uagb_comment_info":0,"uagb_excerpt":"Une action collective en justice lanc\u00e9e pour indemniser les riverains. Cette action a pour objectif de \u00ab\u00a0demander r\u00e9paration \u00e0 l&rsquo;\u00c9tat pour les victimes non professionnelles des pesticides\u00a0\u00bb, r\u00e9v\u00e8le lundi France Inter. Une action collective en justice a \u00e9t\u00e9 lanc\u00e9e d\u00e9but mars pour r\u00e9clamer des indemnisations pour les \u00ab\u00a0riverains victimes des pesticides\u00a0\u00bb, sur le m\u00eame mod\u00e8le\u2026","_links":{"self":[{"href":"https:\/\/coopbionacre.fr\/index.php\/wp-json\/wp\/v2\/posts\/4173","targetHints":{"allow":["GET"]}}],"collection":[{"href":"https:\/\/coopbionacre.fr\/index.php\/wp-json\/wp\/v2\/posts"}],"about":[{"href":"https:\/\/coopbionacre.fr\/index.php\/wp-json\/wp\/v2\/types\/post"}],"author":[{"embeddable":true,"href":"https:\/\/coopbionacre.fr\/index.php\/wp-json\/wp\/v2\/users\/1"}],"replies":[{"embeddable":true,"href":"https:\/\/coopbionacre.fr\/index.php\/wp-json\/wp\/v2\/comments?post=4173"}],"version-history":[{"count":0,"href":"https:\/\/coopbionacre.fr\/index.php\/wp-json\/wp\/v2\/posts\/4173\/revisions"}],"wp:attachment":[{"href":"https:\/\/coopbionacre.fr\/index.php\/wp-json\/wp\/v2\/media?parent=4173"}],"wp:term":[{"taxonomy":"category","embeddable":true,"href":"https:\/\/coopbionacre.fr\/index.php\/wp-json\/wp\/v2\/categories?post=4173"},{"taxonomy":"post_tag","embeddable":true,"href":"https:\/\/coopbionacre.fr\/index.php\/wp-json\/wp\/v2\/tags?post=4173"}],"curies":[{"name":"wp","href":"https:\/\/api.w.org\/{rel}","templated":true}]}}