{"id":4784,"date":"2024-10-10T15:35:00","date_gmt":"2024-10-10T13:35:00","guid":{"rendered":"https:\/\/coopbionacre.fr\/?p=4784"},"modified":"2025-10-30T11:13:02","modified_gmt":"2025-10-30T10:13:02","slug":"nouveau-fournisseur-local-de-cafe","status":"publish","type":"post","link":"https:\/\/coopbionacre.fr\/index.php\/2024\/10\/10\/nouveau-fournisseur-local-de-cafe\/","title":{"rendered":"Nouveau fournisseur local de caf\u00e9"},"content":{"rendered":"\n<p style=\"line-height:1.3\">Le Caf\u00e9 Daur\u00e9 &#8211; pr\u00e9sent \u00e0 Bretteville sur Odon, torr\u00e9facteur de caf\u00e9 sur Caen depuis 2008 \u00e0 la Br\u00fblerie des Ternes, certifi\u00e9 bio &#8211;<br>a la volont\u00e9 de faire d\u00e9couvrir le meilleur du caf\u00e9, valoriser le travail des fermes de l&rsquo;autre bout du monde, sublimer leur travail en pratiquant une torr\u00e9faction l\u00e9g\u00e8re \u00e0 moyenne. <br><em>Parfois transport\u00e9 \u00e0 la voile, parfois bird friendly, parfois sauvage, parfois coop\u00e9rative de femmes, parfois biologique, parfois simplement bon. <\/em><br><strong>Tous les caf\u00e9s sont torr\u00e9fi\u00e9s sur place par leurs soins<\/strong><\/p>\n\n\n\n<figure class=\"wp-block-image aligncenter size-full is-resized\"><img loading=\"lazy\" decoding=\"async\" width=\"800\" height=\"600\" src=\"https:\/\/coopbionacre.fr\/wp-content\/uploads\/2024\/10\/cafe-daure-tasse.jpg\" alt=\"\" class=\"wp-image-4785\" style=\"width:428px;height:auto\" srcset=\"https:\/\/coopbionacre.fr\/wp-content\/uploads\/2024\/10\/cafe-daure-tasse.jpg 800w, https:\/\/coopbionacre.fr\/wp-content\/uploads\/2024\/10\/cafe-daure-tasse-300x225.jpg 300w, https:\/\/coopbionacre.fr\/wp-content\/uploads\/2024\/10\/cafe-daure-tasse-768x576.jpg 768w\" sizes=\"auto, (max-width: 800px) 100vw, 800px\" \/><\/figure>\n\n\n\n<p style=\"line-height:1.2\">Nous commen\u00e7ons le partenariat avec un caf\u00e9 du P\u00e9rou, disponible en vrac sous format grain et moulu (pour machine \u00e0 filtre) en sachet de 250g. <br>Nous commandons \u00e9galement un d\u00e9caf\u00e9in\u00e9 colombien qui est d\u00e9caf\u00e9in\u00e9 \u00e0 l&rsquo;eau<br><em>La mouture peut \u00eatre personnalis\u00e9e selon les machines \u00e0 caf\u00e9 donc n&rsquo;h\u00e9sitez pas \u00e0 demander ce que vous souhaitez.<\/em><\/p>\n","protected":false},"excerpt":{"rendered":"<p>Le Caf\u00e9 Daur\u00e9 &#8211; pr\u00e9sent \u00e0 Bretteville sur Odon, torr\u00e9facteur de caf\u00e9 sur Caen depuis 2008 \u00e0 la Br\u00fblerie des Ternes, certifi\u00e9 bio &#8211;a la volont\u00e9 de faire d\u00e9couvrir le meilleur du caf\u00e9, valoriser le travail des fermes de l&rsquo;autre bout du monde, sublimer leur travail en pratiquant une torr\u00e9faction l\u00e9g\u00e8re \u00e0 moyenne. Parfois transport\u00e9 [&hellip;]<\/p>\n","protected":false},"author":1,"featured_media":0,"comment_status":"closed","ping_status":"closed","sticky":false,"template":"","format":"standard","meta":{"_uag_custom_page_level_css":"","footnotes":""},"categories":[6,4],"tags":[],"class_list":["post-4784","post","type-post","status-publish","format-standard","hentry","category-nos-partenaires","category-nouveautes"],"uagb_featured_image_src":{"full":false,"thumbnail":false,"medium":false,"medium_large":false,"large":false,"1536x1536":false,"2048x2048":false,"mailpoet_newsletter_max":false},"uagb_author_info":{"display_name":"admin1042","author_link":"https:\/\/coopbionacre.fr\/index.php\/author\/admin1042\/"},"uagb_comment_info":0,"uagb_excerpt":"Le Caf\u00e9 Daur\u00e9 &#8211; pr\u00e9sent \u00e0 Bretteville sur Odon, torr\u00e9facteur de caf\u00e9 sur Caen depuis 2008 \u00e0 la Br\u00fblerie des Ternes, certifi\u00e9 bio &#8211;a la volont\u00e9 de faire d\u00e9couvrir le meilleur du caf\u00e9, valoriser le travail des fermes de l&rsquo;autre bout du monde, sublimer leur travail en pratiquant une torr\u00e9faction l\u00e9g\u00e8re \u00e0 moyenne. Parfois transport\u00e9\u2026","_links":{"self":[{"href":"https:\/\/coopbionacre.fr\/index.php\/wp-json\/wp\/v2\/posts\/4784","targetHints":{"allow":["GET"]}}],"collection":[{"href":"https:\/\/coopbionacre.fr\/index.php\/wp-json\/wp\/v2\/posts"}],"about":[{"href":"https:\/\/coopbionacre.fr\/index.php\/wp-json\/wp\/v2\/types\/post"}],"author":[{"embeddable":true,"href":"https:\/\/coopbionacre.fr\/index.php\/wp-json\/wp\/v2\/users\/1"}],"replies":[{"embeddable":true,"href":"https:\/\/coopbionacre.fr\/index.php\/wp-json\/wp\/v2\/comments?post=4784"}],"version-history":[{"count":0,"href":"https:\/\/coopbionacre.fr\/index.php\/wp-json\/wp\/v2\/posts\/4784\/revisions"}],"wp:attachment":[{"href":"https:\/\/coopbionacre.fr\/index.php\/wp-json\/wp\/v2\/media?parent=4784"}],"wp:term":[{"taxonomy":"category","embeddable":true,"href":"https:\/\/coopbionacre.fr\/index.php\/wp-json\/wp\/v2\/categories?post=4784"},{"taxonomy":"post_tag","embeddable":true,"href":"https:\/\/coopbionacre.fr\/index.php\/wp-json\/wp\/v2\/tags?post=4784"}],"curies":[{"name":"wp","href":"https:\/\/api.w.org\/{rel}","templated":true}]}}