{"id":5442,"date":"2025-03-19T12:31:49","date_gmt":"2025-03-19T11:31:49","guid":{"rendered":"https:\/\/coopbionacre.fr\/?p=5442"},"modified":"2025-03-19T12:31:49","modified_gmt":"2025-03-19T11:31:49","slug":"abeilles-et-pesticides","status":"publish","type":"post","link":"https:\/\/coopbionacre.fr\/index.php\/2025\/03\/19\/abeilles-et-pesticides\/","title":{"rendered":"Abeilles et pesticides"},"content":{"rendered":"\n<figure class=\"wp-block-image size-full\"><img loading=\"lazy\" decoding=\"async\" width=\"668\" height=\"376\" src=\"https:\/\/coopbionacre.fr\/wp-content\/uploads\/2025\/03\/abeilles-et-pesticides.jpg\" alt=\"\" class=\"wp-image-5443\" srcset=\"https:\/\/coopbionacre.fr\/wp-content\/uploads\/2025\/03\/abeilles-et-pesticides.jpg 668w, https:\/\/coopbionacre.fr\/wp-content\/uploads\/2025\/03\/abeilles-et-pesticides-300x169.jpg 300w\" sizes=\"auto, (max-width: 668px) 100vw, 668px\" \/><\/figure>\n\n\n\n<p style=\"line-height:1.3\">Sur la question de l&rsquo;usage des pesticides, les apiculteurs de l&rsquo;association \u00ab\u00a0Le rucher du ch\u00e2teau de Lun\u00e9ville\u00a0\u00bb en Meurthe-et-Moselle pr\u00f4nent le dialogue avec les agriculteurs. Ils estiment qu&rsquo;ils ont des int\u00e9r\u00eats communs \u00e0 d\u00e9velopper et partager des pratiques de cultures plus respectueuses de la nature.<\/p>\n\n\n\n<ul class=\"wp-block-list\">\n<li><strong>D\u00e9velopper des int\u00e9r\u00eats communs<\/strong><\/li>\n\n\n\n<li><strong>La famine, premi\u00e8re cause de mortalit\u00e9 des abeilles<\/strong><\/li>\n\n\n\n<li><strong>Dialoguer avec les agriculteurs<\/strong><\/li>\n\n\n\n<li><strong>Promouvoir des solutions durables<\/strong><\/li>\n<\/ul>\n\n\n\n<p style=\"line-height:1.3\">=> <a href=\"https:\/\/france3-regions.francetvinfo.fr\/grand-est\/meurthe-et-moselle\/nancy\/abeilles-et-pesticides-ces-apiculteurs-privilegient-les-echanges-avec-les-agriculteurs-nous-ne-pouvons-pas-vivre-les-uns-sans-les-autres-3121249.html\" target=\"_blank\" rel=\"noreferrer noopener\">Lire l&rsquo;article sur le site de France 3<\/a>.<\/p>\n","protected":false},"excerpt":{"rendered":"<p>Sur la question de l&rsquo;usage des pesticides, les apiculteurs de l&rsquo;association \u00ab\u00a0Le rucher du ch\u00e2teau de Lun\u00e9ville\u00a0\u00bb en Meurthe-et-Moselle pr\u00f4nent le dialogue avec les agriculteurs. Ils estiment qu&rsquo;ils ont des int\u00e9r\u00eats communs \u00e0 d\u00e9velopper et partager des pratiques de cultures plus respectueuses de la nature. => Lire l&rsquo;article sur le site de France 3.<\/p>\n","protected":false},"author":1,"featured_media":0,"comment_status":"closed","ping_status":"","sticky":false,"template":"","format":"standard","meta":{"_uag_custom_page_level_css":"","footnotes":""},"categories":[24],"tags":[],"class_list":["post-5442","post","type-post","status-publish","format-standard","hentry","category-monde-autour"],"uagb_featured_image_src":{"full":false,"thumbnail":false,"medium":false,"medium_large":false,"large":false,"1536x1536":false,"2048x2048":false,"mailpoet_newsletter_max":false},"uagb_author_info":{"display_name":"admin1042","author_link":"https:\/\/coopbionacre.fr\/index.php\/author\/admin1042\/"},"uagb_comment_info":0,"uagb_excerpt":"Sur la question de l&rsquo;usage des pesticides, les apiculteurs de l&rsquo;association \u00ab\u00a0Le rucher du ch\u00e2teau de Lun\u00e9ville\u00a0\u00bb en Meurthe-et-Moselle pr\u00f4nent le dialogue avec les agriculteurs. Ils estiment qu&rsquo;ils ont des int\u00e9r\u00eats communs \u00e0 d\u00e9velopper et partager des pratiques de cultures plus respectueuses de la nature. => Lire l&rsquo;article sur le site de France 3.","_links":{"self":[{"href":"https:\/\/coopbionacre.fr\/index.php\/wp-json\/wp\/v2\/posts\/5442","targetHints":{"allow":["GET"]}}],"collection":[{"href":"https:\/\/coopbionacre.fr\/index.php\/wp-json\/wp\/v2\/posts"}],"about":[{"href":"https:\/\/coopbionacre.fr\/index.php\/wp-json\/wp\/v2\/types\/post"}],"author":[{"embeddable":true,"href":"https:\/\/coopbionacre.fr\/index.php\/wp-json\/wp\/v2\/users\/1"}],"replies":[{"embeddable":true,"href":"https:\/\/coopbionacre.fr\/index.php\/wp-json\/wp\/v2\/comments?post=5442"}],"version-history":[{"count":0,"href":"https:\/\/coopbionacre.fr\/index.php\/wp-json\/wp\/v2\/posts\/5442\/revisions"}],"wp:attachment":[{"href":"https:\/\/coopbionacre.fr\/index.php\/wp-json\/wp\/v2\/media?parent=5442"}],"wp:term":[{"taxonomy":"category","embeddable":true,"href":"https:\/\/coopbionacre.fr\/index.php\/wp-json\/wp\/v2\/categories?post=5442"},{"taxonomy":"post_tag","embeddable":true,"href":"https:\/\/coopbionacre.fr\/index.php\/wp-json\/wp\/v2\/tags?post=5442"}],"curies":[{"name":"wp","href":"https:\/\/api.w.org\/{rel}","templated":true}]}}