{"id":6484,"date":"2026-04-21T17:33:00","date_gmt":"2026-04-21T15:33:00","guid":{"rendered":"https:\/\/coopbionacre.fr\/?p=6484"},"modified":"2026-04-22T19:39:38","modified_gmt":"2026-04-22T17:39:38","slug":"manger-local-permet-il-de-lutter-contre-le-rechauffement-climatique","status":"publish","type":"post","link":"https:\/\/coopbionacre.fr\/index.php\/2026\/04\/21\/manger-local-permet-il-de-lutter-contre-le-rechauffement-climatique\/","title":{"rendered":"Manger local permet-il de lutter contre le r\u00e9chauffement climatique ?"},"content":{"rendered":"\n<figure class=\"wp-block-image size-full\"><img loading=\"lazy\" decoding=\"async\" width=\"835\" height=\"203\" src=\"https:\/\/coopbionacre.fr\/wp-content\/uploads\/2026\/04\/conditions-production.jpg\" alt=\"\" class=\"wp-image-6485\" srcset=\"https:\/\/coopbionacre.fr\/wp-content\/uploads\/2026\/04\/conditions-production.jpg 835w, https:\/\/coopbionacre.fr\/wp-content\/uploads\/2026\/04\/conditions-production-300x73.jpg 300w, https:\/\/coopbionacre.fr\/wp-content\/uploads\/2026\/04\/conditions-production-768x187.jpg 768w\" sizes=\"auto, (max-width: 835px) 100vw, 835px\" \/><\/figure>\n\n\n\n<p class=\"has-medium-font-size\" style=\"line-height:1.3\">\u00ab\u00a0Parmi les offres \u00ab \u00e9colo \u00bb des magasins d\u2019alimentation, sans doute avez-vous d\u00e9j\u00e0 remarqu\u00e9 la mention \u00ab agriculture locale \u00bb ou \u00ab produit locavore \u00bb. Mais est-ce bien efficace pour lutter contre les \u00e9missions de gaz \u00e0 effet de serre ? Notre sp\u00e9cialiste vous r\u00e9pond.\u00a0\u00bb<br><a href=\"https:\/\/www.franceinfo.fr\/environnement\/onvousrepond-climat\/manger-local-permet-il-de-lutter-contre-le-rechauffement-climatique-onvousrepond-climat_7876805.html\" target=\"_blank\" rel=\"noreferrer noopener\">Lire l&rsquo;article sur le site de France Info<\/a>.<\/p>\n\n\n\n<figure class=\"wp-block-image size-full\"><img loading=\"lazy\" decoding=\"async\" width=\"858\" height=\"243\" src=\"https:\/\/coopbionacre.fr\/wp-content\/uploads\/2026\/04\/manger-local-manger-bio.jpg\" alt=\"\" class=\"wp-image-6486\" srcset=\"https:\/\/coopbionacre.fr\/wp-content\/uploads\/2026\/04\/manger-local-manger-bio.jpg 858w, https:\/\/coopbionacre.fr\/wp-content\/uploads\/2026\/04\/manger-local-manger-bio-300x85.jpg 300w, https:\/\/coopbionacre.fr\/wp-content\/uploads\/2026\/04\/manger-local-manger-bio-768x218.jpg 768w\" sizes=\"auto, (max-width: 858px) 100vw, 858px\" \/><\/figure>\n","protected":false},"excerpt":{"rendered":"<p>\u00ab\u00a0Parmi les offres \u00ab \u00e9colo \u00bb des magasins d\u2019alimentation, sans doute avez-vous d\u00e9j\u00e0 remarqu\u00e9 la mention \u00ab agriculture locale \u00bb ou \u00ab produit locavore \u00bb. Mais est-ce bien efficace pour lutter contre les \u00e9missions de gaz \u00e0 effet de serre ? Notre sp\u00e9cialiste vous r\u00e9pond.\u00a0\u00bbLire l&rsquo;article sur le site de France Info.<\/p>\n","protected":false},"author":1,"featured_media":0,"comment_status":"closed","ping_status":"","sticky":false,"template":"","format":"standard","meta":{"_uag_custom_page_level_css":"","footnotes":""},"categories":[24],"tags":[],"class_list":["post-6484","post","type-post","status-publish","format-standard","hentry","category-monde-autour"],"uagb_featured_image_src":{"full":false,"thumbnail":false,"medium":false,"medium_large":false,"large":false,"1536x1536":false,"2048x2048":false,"mailpoet_newsletter_max":false},"uagb_author_info":{"display_name":"admin1042","author_link":"https:\/\/coopbionacre.fr\/index.php\/author\/admin1042\/"},"uagb_comment_info":0,"uagb_excerpt":"\u00ab\u00a0Parmi les offres \u00ab \u00e9colo \u00bb des magasins d\u2019alimentation, sans doute avez-vous d\u00e9j\u00e0 remarqu\u00e9 la mention \u00ab agriculture locale \u00bb ou \u00ab produit locavore \u00bb. Mais est-ce bien efficace pour lutter contre les \u00e9missions de gaz \u00e0 effet de serre ? Notre sp\u00e9cialiste vous r\u00e9pond.\u00a0\u00bbLire l&rsquo;article sur le site de France Info.","_links":{"self":[{"href":"https:\/\/coopbionacre.fr\/index.php\/wp-json\/wp\/v2\/posts\/6484","targetHints":{"allow":["GET"]}}],"collection":[{"href":"https:\/\/coopbionacre.fr\/index.php\/wp-json\/wp\/v2\/posts"}],"about":[{"href":"https:\/\/coopbionacre.fr\/index.php\/wp-json\/wp\/v2\/types\/post"}],"author":[{"embeddable":true,"href":"https:\/\/coopbionacre.fr\/index.php\/wp-json\/wp\/v2\/users\/1"}],"replies":[{"embeddable":true,"href":"https:\/\/coopbionacre.fr\/index.php\/wp-json\/wp\/v2\/comments?post=6484"}],"version-history":[{"count":1,"href":"https:\/\/coopbionacre.fr\/index.php\/wp-json\/wp\/v2\/posts\/6484\/revisions"}],"predecessor-version":[{"id":6487,"href":"https:\/\/coopbionacre.fr\/index.php\/wp-json\/wp\/v2\/posts\/6484\/revisions\/6487"}],"wp:attachment":[{"href":"https:\/\/coopbionacre.fr\/index.php\/wp-json\/wp\/v2\/media?parent=6484"}],"wp:term":[{"taxonomy":"category","embeddable":true,"href":"https:\/\/coopbionacre.fr\/index.php\/wp-json\/wp\/v2\/categories?post=6484"},{"taxonomy":"post_tag","embeddable":true,"href":"https:\/\/coopbionacre.fr\/index.php\/wp-json\/wp\/v2\/tags?post=6484"}],"curies":[{"name":"wp","href":"https:\/\/api.w.org\/{rel}","templated":true}]}}