{"id":6488,"date":"2026-04-21T17:40:00","date_gmt":"2026-04-21T15:40:00","guid":{"rendered":"https:\/\/coopbionacre.fr\/?p=6488"},"modified":"2026-04-22T20:47:45","modified_gmt":"2026-04-22T18:47:45","slug":"le-gouvernement-sattaque-a-lindependance-de-lautorite-environnementale","status":"publish","type":"post","link":"https:\/\/coopbionacre.fr\/index.php\/2026\/04\/21\/le-gouvernement-sattaque-a-lindependance-de-lautorite-environnementale\/","title":{"rendered":"Le gouvernement s\u2019attaque \u00e0 l\u2019ind\u00e9pendance de l\u2019Autorit\u00e9 environnementale"},"content":{"rendered":"\n<p class=\"has-small-font-size\" style=\"line-height:1.2\">Dans un courrier adress\u00e9 le 27 mars \u00e0 cette instance, rendu public par le m\u00e9dia Contexte, Mathieu Lef\u00e8vre, le ministre d\u00e9l\u00e9gu\u00e9 \u00e0 la Transition \u00e9cologique, lui intime d\u2019\u0153uvrer \u00e0 \u00ab la comp\u00e9titivit\u00e9 de notre pays \u00bb et \u00ab d\u2019accentuer [son] implication dans l\u2019accompagnement \u00bb des ma\u00eetres d\u2019ouvrage. Soit une injonction aux antipodes de la mission de l\u2019AE, dont le but est de r\u00e9aliser des \u00e9valuations environnementales des grands projets (trac\u00e9s d\u2019autoroutes, lignes TGV, etc.). Ses \u00e9valuations sont souvent tr\u00e8s critiques vis-\u00e0-vis des projets soutenus par le gouvernement : ce fut notamment le cas concernant le chantier de l\u2019A69, le chantier des deux r\u00e9acteurs EPR2 que EDF pr\u00e9voit de construire \u00e0 Penly, et la ligne LGV Bordeaux-Toulouse. <a href=\"https:\/\/reporterre.net\/Le-gouvernement-s-attaque-a-l-independance-de-l-Autorite-environnementale\" target=\"_blank\" rel=\"noreferrer noopener\">Lire la suite sur Reporterre.<\/a><\/p>\n\n\n\n<div class=\"wp-block-cover has-custom-content-position is-position-bottom-center\" style=\"min-height:510px;aspect-ratio:unset;\"><img loading=\"lazy\" decoding=\"async\" width=\"1024\" height=\"683\" class=\"wp-block-cover__image-background wp-image-6489 size-large\" alt=\"\" src=\"https:\/\/coopbionacre.fr\/wp-content\/uploads\/2026\/04\/image-1-1024x683.png\" data-object-fit=\"cover\" srcset=\"https:\/\/coopbionacre.fr\/wp-content\/uploads\/2026\/04\/image-1-1024x683.png 1024w, https:\/\/coopbionacre.fr\/wp-content\/uploads\/2026\/04\/image-1-300x200.png 300w, https:\/\/coopbionacre.fr\/wp-content\/uploads\/2026\/04\/image-1-768x512.png 768w, https:\/\/coopbionacre.fr\/wp-content\/uploads\/2026\/04\/image-1.png 1200w\" sizes=\"auto, (max-width: 1024px) 100vw, 1024px\" \/><span aria-hidden=\"true\" class=\"wp-block-cover__background has-background-dim\"><\/span><div class=\"wp-block-cover__inner-container is-layout-flow wp-block-cover-is-layout-flow\">\n<p class=\"has-text-align-center has-tertiary-color has-text-color has-link-color has-small-font-size wp-elements-4147e9b2e324cb8915397bbb1f8e31e7\"><em><sub>image Pxhere<\/sub><\/em><\/p>\n<\/div><\/div>\n","protected":false},"excerpt":{"rendered":"<p>Dans un courrier adress\u00e9 le 27 mars \u00e0 cette instance, rendu public par le m\u00e9dia Contexte, Mathieu Lef\u00e8vre, le ministre d\u00e9l\u00e9gu\u00e9 \u00e0 la Transition \u00e9cologique, lui intime d\u2019\u0153uvrer \u00e0 \u00ab la comp\u00e9titivit\u00e9 de notre pays \u00bb et \u00ab d\u2019accentuer [son] implication dans l\u2019accompagnement \u00bb des ma\u00eetres d\u2019ouvrage. Soit une injonction aux antipodes de la mission [&hellip;]<\/p>\n","protected":false},"author":1,"featured_media":0,"comment_status":"closed","ping_status":"","sticky":false,"template":"","format":"standard","meta":{"_uag_custom_page_level_css":"","footnotes":""},"categories":[24],"tags":[],"class_list":["post-6488","post","type-post","status-publish","format-standard","hentry","category-monde-autour"],"uagb_featured_image_src":{"full":false,"thumbnail":false,"medium":false,"medium_large":false,"large":false,"1536x1536":false,"2048x2048":false,"mailpoet_newsletter_max":false},"uagb_author_info":{"display_name":"admin1042","author_link":"https:\/\/coopbionacre.fr\/index.php\/author\/admin1042\/"},"uagb_comment_info":0,"uagb_excerpt":"Dans un courrier adress\u00e9 le 27 mars \u00e0 cette instance, rendu public par le m\u00e9dia Contexte, Mathieu Lef\u00e8vre, le ministre d\u00e9l\u00e9gu\u00e9 \u00e0 la Transition \u00e9cologique, lui intime d\u2019\u0153uvrer \u00e0 \u00ab la comp\u00e9titivit\u00e9 de notre pays \u00bb et \u00ab d\u2019accentuer [son] implication dans l\u2019accompagnement \u00bb des ma\u00eetres d\u2019ouvrage. Soit une injonction aux antipodes de la mission\u2026","_links":{"self":[{"href":"https:\/\/coopbionacre.fr\/index.php\/wp-json\/wp\/v2\/posts\/6488","targetHints":{"allow":["GET"]}}],"collection":[{"href":"https:\/\/coopbionacre.fr\/index.php\/wp-json\/wp\/v2\/posts"}],"about":[{"href":"https:\/\/coopbionacre.fr\/index.php\/wp-json\/wp\/v2\/types\/post"}],"author":[{"embeddable":true,"href":"https:\/\/coopbionacre.fr\/index.php\/wp-json\/wp\/v2\/users\/1"}],"replies":[{"embeddable":true,"href":"https:\/\/coopbionacre.fr\/index.php\/wp-json\/wp\/v2\/comments?post=6488"}],"version-history":[{"count":6,"href":"https:\/\/coopbionacre.fr\/index.php\/wp-json\/wp\/v2\/posts\/6488\/revisions"}],"predecessor-version":[{"id":6516,"href":"https:\/\/coopbionacre.fr\/index.php\/wp-json\/wp\/v2\/posts\/6488\/revisions\/6516"}],"wp:attachment":[{"href":"https:\/\/coopbionacre.fr\/index.php\/wp-json\/wp\/v2\/media?parent=6488"}],"wp:term":[{"taxonomy":"category","embeddable":true,"href":"https:\/\/coopbionacre.fr\/index.php\/wp-json\/wp\/v2\/categories?post=6488"},{"taxonomy":"post_tag","embeddable":true,"href":"https:\/\/coopbionacre.fr\/index.php\/wp-json\/wp\/v2\/tags?post=6488"}],"curies":[{"name":"wp","href":"https:\/\/api.w.org\/{rel}","templated":true}]}}