{"id":6750,"date":"2026-09-01T11:05:33","date_gmt":"2026-09-01T09:05:33","guid":{"rendered":"https:\/\/coopbionacre.fr\/?p=6750"},"modified":"2026-09-01T11:08:33","modified_gmt":"2026-09-01T09:08:33","slug":"rassemblements-contre-lomnibus-pesticides-ue","status":"publish","type":"post","link":"https:\/\/coopbionacre.fr\/index.php\/2026\/09\/01\/rassemblements-contre-lomnibus-pesticides-ue\/","title":{"rendered":"Rassemblements contre l'\u00a0\u00bbOmnibus pesticides\u00a0\u00bb (UE)"},"content":{"rendered":"\n<figure class=\"wp-block-image size-large\"><img loading=\"lazy\" decoding=\"async\" width=\"1024\" height=\"576\" src=\"https:\/\/coopbionacre.fr\/wp-content\/uploads\/2026\/09\/omnibus-pesticides-1024x576.jpg\" alt=\"\" class=\"wp-image-6755\" srcset=\"https:\/\/coopbionacre.fr\/wp-content\/uploads\/2026\/09\/omnibus-pesticides-1024x576.jpg 1024w, https:\/\/coopbionacre.fr\/wp-content\/uploads\/2026\/09\/omnibus-pesticides-300x169.jpg 300w, https:\/\/coopbionacre.fr\/wp-content\/uploads\/2026\/09\/omnibus-pesticides-768x432.jpg 768w, https:\/\/coopbionacre.fr\/wp-content\/uploads\/2026\/09\/omnibus-pesticides.jpg 1200w\" sizes=\"auto, (max-width: 1024px) 100vw, 1024px\" \/><\/figure>\n\n\n\n<p class=\"has-small-font-size wp-block-paragraph\" style=\"line-height:1.2\">Cet automne, <strong>un projet de loi europ\u00e9en inacceptable<\/strong> fera son retour au Parlement europ\u00e9en, pour \u00eatre soumis au vote de nos eurod\u00e9put\u00e9s. Il s&rsquo;agit de <strong>l'\u00a0\u00bbOmnibus 10&Prime;<\/strong> ou <strong>\u00ab\u00a0Omnibus Pesticides\u00a0\u00bb<\/strong>, qui pr\u00e9voit\u00a0<strong>une d\u00e9r\u00e9gulation majeure des r\u00e8gles d&rsquo;autorisation des pesticides de synth\u00e8se en Europe<\/strong>.<br>Un exemple de mesure pr\u00e9occupante : pour lutter contre les probl\u00e8mes d&rsquo;engorgement et de retard du syst\u00e8me europ\u00e9en d&rsquo;\u00e9valuation des pesticides de synth\u00e8se, l&rsquo;Omnibus Pesticides accorderait <strong>des autorisations illimit\u00e9es \u00e0 certaines substances<\/strong>. C&rsquo;est inacceptable !<br>G\u00e9n\u00e9rations Futures et ses partenaires organisent <strong>une campagne de mobilisation collective\u00a0<\/strong>contre l&rsquo;adoption de l&rsquo;Omnibus Pesticides et pour la sortie de l&rsquo;agrochimie.\u00a0<br>Le week-end du <strong>10 et du 11 octobre 2026, nos associations ont pour objectif de lancer une vague<\/strong> <strong>de rassemblements partout en France pour dire NON aux autorisations illimit\u00e9es de pesticides en Europe,\u00a0<\/strong>consacr\u00e9es par le projet de loi Omnibus Pesticides.\u00a0<br>En outre, nos associations seront pr\u00e9sentes devant le Parlement europ\u00e9en, \u00e0 Strasbourg, juste avant le vote du texte (entre le 19 et le 22 octobre 2026).<br><a href=\"https:\/\/r.newsletter.generations-futures.fr\/mk\/mr\/sh\/7nVTPdZCTJDXP4jEzAeIsYMsoNW7BRJ\/adzYEUgj4gBh\" target=\"_blank\" rel=\"noopener\">Lien vers l&rsquo;article complet.<\/a><\/p>\n","protected":false},"excerpt":{"rendered":"<p>Cet automne, un projet de loi europ\u00e9en inacceptable fera son retour au Parlement europ\u00e9en, pour \u00eatre soumis au vote de nos eurod\u00e9put\u00e9s. Il s&rsquo;agit de l&rsquo;\u00a0\u00bbOmnibus 10&Prime; ou \u00ab\u00a0Omnibus Pesticides\u00a0\u00bb, qui pr\u00e9voit\u00a0une d\u00e9r\u00e9gulation majeure des r\u00e8gles d&rsquo;autorisation des pesticides de synth\u00e8se en Europe.Un exemple de mesure pr\u00e9occupante : pour lutter contre les probl\u00e8mes d&rsquo;engorgement et [&hellip;]<\/p>\n","protected":false},"author":1,"featured_media":0,"comment_status":"closed","ping_status":"","sticky":false,"template":"","format":"standard","meta":{"_uag_custom_page_level_css":"","footnotes":""},"categories":[24],"tags":[],"class_list":["post-6750","post","type-post","status-publish","format-standard","hentry","category-monde-autour"],"uagb_featured_image_src":{"full":false,"thumbnail":false,"medium":false,"medium_large":false,"large":false,"1536x1536":false,"2048x2048":false,"mailpoet_newsletter_max":false},"uagb_author_info":{"display_name":"admin1042","author_link":"https:\/\/coopbionacre.fr\/index.php\/author\/admin1042\/"},"uagb_comment_info":0,"uagb_excerpt":"Cet automne, un projet de loi europ\u00e9en inacceptable fera son retour au Parlement europ\u00e9en, pour \u00eatre soumis au vote de nos eurod\u00e9put\u00e9s. Il s&rsquo;agit de l'\u00a0\u00bbOmnibus 10&Prime; ou \u00ab\u00a0Omnibus Pesticides\u00a0\u00bb, qui pr\u00e9voit\u00a0une d\u00e9r\u00e9gulation majeure des r\u00e8gles d&rsquo;autorisation des pesticides de synth\u00e8se en Europe.Un exemple de mesure pr\u00e9occupante : pour lutter contre les probl\u00e8mes d&rsquo;engorgement et\u2026","_links":{"self":[{"href":"https:\/\/coopbionacre.fr\/index.php\/wp-json\/wp\/v2\/posts\/6750","targetHints":{"allow":["GET"]}}],"collection":[{"href":"https:\/\/coopbionacre.fr\/index.php\/wp-json\/wp\/v2\/posts"}],"about":[{"href":"https:\/\/coopbionacre.fr\/index.php\/wp-json\/wp\/v2\/types\/post"}],"author":[{"embeddable":true,"href":"https:\/\/coopbionacre.fr\/index.php\/wp-json\/wp\/v2\/users\/1"}],"replies":[{"embeddable":true,"href":"https:\/\/coopbionacre.fr\/index.php\/wp-json\/wp\/v2\/comments?post=6750"}],"version-history":[{"count":3,"href":"https:\/\/coopbionacre.fr\/index.php\/wp-json\/wp\/v2\/posts\/6750\/revisions"}],"predecessor-version":[{"id":6757,"href":"https:\/\/coopbionacre.fr\/index.php\/wp-json\/wp\/v2\/posts\/6750\/revisions\/6757"}],"wp:attachment":[{"href":"https:\/\/coopbionacre.fr\/index.php\/wp-json\/wp\/v2\/media?parent=6750"}],"wp:term":[{"taxonomy":"category","embeddable":true,"href":"https:\/\/coopbionacre.fr\/index.php\/wp-json\/wp\/v2\/categories?post=6750"},{"taxonomy":"post_tag","embeddable":true,"href":"https:\/\/coopbionacre.fr\/index.php\/wp-json\/wp\/v2\/tags?post=6750"}],"curies":[{"name":"wp","href":"https:\/\/api.w.org\/{rel}","templated":true}]}}